{"id":306,"date":"2024-06-14T13:59:06","date_gmt":"2024-06-14T11:59:06","guid":{"rendered":"https:\/\/makomvan.hu\/ikonik-spa\/?p=306"},"modified":"2024-06-14T13:59:08","modified_gmt":"2024-06-14T11:59:08","slug":"romai-katolikus-tarsszekesegyhaz","status":"publish","type":"post","link":"https:\/\/ikonikspapanzio.hu\/hu\/romai-katolikus-tarsszekesegyhaz\/","title":{"rendered":"R\u00f3mai Katolikus T\u00e1rssz\u00e9kesegyh\u00e1z"},"content":{"rendered":"\n<p>Ny\u00edregyh\u00e1za egyik legismertebb \u00e9p\u00fclete a f\u0151t\u00e9ren tal\u00e1lhat\u00f3, k\u00e9ttorny\u00fa, rom\u00e1n st\u00edlus\u00fa sz\u00e9kesegyh\u00e1z. <strong>A <\/strong><strong>Magyarok Nagyasszonya-templom, mely 1993 <\/strong><strong>\u00f3ta a Debrecen-Ny\u00edregyh\u00e1zi <\/strong><strong>Egyh\u00e1zmegye t\u00e1rssz\u00e9kesegyh\u00e1za<\/strong><strong>,<\/strong> kett\u0151s torny\u00e1val, ar\u00e1nyaival, szerkezeti t\u00f6k\u00e9letess\u00e9g\u00e9vel \u00e9s tiszta st\u00edlus\u00e1val a hazai egyh\u00e1zi \u00e9p\u00edt\u00e9szet kiemelked\u0151 alkot\u00e1sa, m\u0171eml\u00e9k.<\/p>\n\n\n\n<p>A templom k\u00fcls\u0151 k\u00e9pe \u2013 gazdag tagolts\u00e1g\u00e1val, t\u00e1mpill\u00e9reivel, dekorat\u00edv elemeivel \u2013 lebilincsel\u0151. Haz\u00e1nkban, hasonl\u00f3 k\u00fcls\u0151 gazdags\u00e1ggal k\u00e9pzett templomot alig tal\u00e1lunk. A k\u00e9t hatalmas n\u00e9gysz\u00f6g\u0171 torony magass\u00e1ga \u2013 mely h\u00e1rom emeletre<br>tagoz\u00f3dik \u2013 43,6 m\u00e9ter. A k\u00e9t torony k\u00f6zt tal\u00e1lhat\u00f3 a gazdag kik\u00e9pz\u00e9s\u0171 f\u0151bej\u00e1rat \u00e9s a hatalmas oromfal.<\/p>\n\n\n\n<p>Bel\u00e9pve, a templom k\u00fclsej\u00e9hez hasonl\u00f3 v\u00e1ltozatoss\u00e1got tal\u00e1lunk, a rom\u00e1n st\u00edlus minden sz\u00e9ps\u00e9g\u00e9vel. A jobb \u00e9s baloldali pill\u00e9rek hat kisebb \u00e9s a kereszthaj\u00f3n\u00e1l egy nagyobb mez\u0151b\u0151l \u00e1ll\u00f3 keresztboltozatot hordoznak.<\/p>\n\n\n\n<p>A f\u0151olt\u00e1r k\u00f6zep\u00e9n, az olt\u00e1rk\u00e9pet helyettes\u00edt\u0151 hatalmas fesz\u00fclet, kar\u00e9jos v\u00e9geiben az evang\u00e9list\u00e1k jelv\u00e9nyei. Az \u00faj liturgikus t\u00e9r k\u00f6z\u00e9ppontj\u00e1ban \u00e1ll a m\u00e1rv\u00e1ny szembeolt\u00e1r.A m\u00e1rv\u00e1ny sz\u00f3sz\u00e9k hatalmas m\u00e1rv\u00e1nyoszlopon nyugszik, oldal\u00e1n a n\u00e9gy evang\u00e9lista alakja<\/p>\n","protected":false},"excerpt":{"rendered":"<p>Ny\u00edregyh\u00e1za egyik legismertebb \u00e9p\u00fclete a f\u0151t\u00e9ren tal\u00e1lhat\u00f3, k\u00e9ttorny\u00fa, rom\u00e1n st\u00edlus\u00fa sz\u00e9kesegyh\u00e1z. A Magyarok Nagyasszonya-templom, mely 1993 \u00f3ta a Debrecen-Ny\u00edregyh\u00e1zi Egyh\u00e1zmegye t\u00e1rssz\u00e9kesegyh\u00e1za, kett\u0151s torny\u00e1val, ar\u00e1nyaival, szerkezeti t\u00f6k\u00e9letess\u00e9g\u00e9vel \u00e9s tiszta st\u00edlus\u00e1val a hazai egyh\u00e1zi \u00e9p\u00edt\u00e9szet kiemelked\u0151 alkot\u00e1sa, m\u0171eml\u00e9k. A templom k\u00fcls\u0151 k\u00e9pe \u2013 gazdag tagolts\u00e1g\u00e1val, t\u00e1mpill\u00e9reivel, dekorat\u00edv elemeivel \u2013 lebilincsel\u0151. Haz\u00e1nkban, hasonl\u00f3 k\u00fcls\u0151 gazdags\u00e1ggal k\u00e9pzett templomot alig [&hellip;]<\/p>\n","protected":false},"author":1,"featured_media":307,"comment_status":"open","ping_status":"open","sticky":false,"template":"","format":"standard","meta":{"footnotes":""},"categories":[20],"tags":[],"class_list":["post-306","post","type-post","status-publish","format-standard","has-post-thumbnail","hentry","category-latnivalok"],"_links":{"self":[{"href":"https:\/\/ikonikspapanzio.hu\/hu\/wp-json\/wp\/v2\/posts\/306","targetHints":{"allow":["GET"]}}],"collection":[{"href":"https:\/\/ikonikspapanzio.hu\/hu\/wp-json\/wp\/v2\/posts"}],"about":[{"href":"https:\/\/ikonikspapanzio.hu\/hu\/wp-json\/wp\/v2\/types\/post"}],"author":[{"embeddable":true,"href":"https:\/\/ikonikspapanzio.hu\/hu\/wp-json\/wp\/v2\/users\/1"}],"replies":[{"embeddable":true,"href":"https:\/\/ikonikspapanzio.hu\/hu\/wp-json\/wp\/v2\/comments?post=306"}],"version-history":[{"count":1,"href":"https:\/\/ikonikspapanzio.hu\/hu\/wp-json\/wp\/v2\/posts\/306\/revisions"}],"predecessor-version":[{"id":308,"href":"https:\/\/ikonikspapanzio.hu\/hu\/wp-json\/wp\/v2\/posts\/306\/revisions\/308"}],"wp:featuredmedia":[{"embeddable":true,"href":"https:\/\/ikonikspapanzio.hu\/hu\/wp-json\/wp\/v2\/media\/307"}],"wp:attachment":[{"href":"https:\/\/ikonikspapanzio.hu\/hu\/wp-json\/wp\/v2\/media?parent=306"}],"wp:term":[{"taxonomy":"category","embeddable":true,"href":"https:\/\/ikonikspapanzio.hu\/hu\/wp-json\/wp\/v2\/categories?post=306"},{"taxonomy":"post_tag","embeddable":true,"href":"https:\/\/ikonikspapanzio.hu\/hu\/wp-json\/wp\/v2\/tags?post=306"}],"curies":[{"name":"wp","href":"https:\/\/api.w.org\/{rel}","templated":true}]}}