{"id":1518,"date":"2025-03-10T21:57:58","date_gmt":"2025-03-10T20:57:58","guid":{"rendered":"https:\/\/ikonikspapanzio.hu\/?p=1518"},"modified":"2025-03-10T22:06:32","modified_gmt":"2025-03-10T21:06:32","slug":"magyar-nepmesek-kiallitas","status":"publish","type":"post","link":"https:\/\/ikonikspapanzio.hu\/hu\/magyar-nepmesek-kiallitas\/","title":{"rendered":"Magyar n\u00e9pmes\u00e9k | ki\u00e1ll\u00edt\u00e1s"},"content":{"rendered":"\n<p>2025. m\u00e1rcius 20. &#8211; \u00e1prilis 7.<\/p>\n\n\n\n<p>4400 Ny\u00edregyh\u00e1za, Szabads\u00e1g t\u00e9r 14.<\/p>\n\n\n\n<p><strong>A 100 r\u00e9szes Magyar n\u00e9pmes\u00e9k c\u00edm\u0171 rajzfilmsorozat k\u00e9peib\u0151l ny\u00edlik ki\u00e1ll\u00edt\u00e1s a ny\u00edregyh\u00e1zi M\u00f3ricz Zsigmond Megyei \u00e9s V\u00e1rosi K\u00f6nyvt\u00e1rban.<\/strong><\/p>\n\n\n\n<p>A K\u00e9preg\u00e9nyt\u00e1rban egy megnyit\u00f3val egybek\u00f6t\u00f6tt besz\u00e9lget\u00e9sre v\u00e1rj\u00e1k az \u00e9rdekl\u0151d\u0151ket, ahol vend\u00e9g\u00fck lesz az \u00faj sorozat rendez\u0151je, Cs\u00e1kovicsLajos is. Besz\u00e9lget\u0151t\u00e1rsa Kert\u00e9sz S\u00e1ndor, grafikus m\u0171v\u00e9sztan\u00e1r lesz.&nbsp;<\/p>\n\n\n\n<p><strong>Id\u0151pont:<\/strong>&nbsp;2025. m\u00e1rcius 20. (cs\u00fct\u00f6rt\u00f6k) 13:00 \u00f3ra<\/p>\n\n\n\n<p>A ki\u00e1ll\u00edt\u00e1s megtekinthet\u0151 2025. \u00e1prilis 7-ig a k\u00f6nyvt\u00e1r nyitvatart\u00e1si ideje alatt.&nbsp;<\/p>\n\n\n\n<p><\/p>\n\n\n\n<p>Forr\u00e1s: <a href=\"https:\/\/nyiregyhaza.info.hu\/programok\/magyar-nepmesek-kiallitas\/\">https:\/\/nyiregyhaza.info.hu\/programok\/magyar-nepmesek-kiallitas\/<\/a><\/p>\n","protected":false},"excerpt":{"rendered":"<p>2025. m\u00e1rcius 20. &#8211; \u00e1prilis 7. 4400 Ny\u00edregyh\u00e1za, Szabads\u00e1g t\u00e9r 14. A 100 r\u00e9szes Magyar n\u00e9pmes\u00e9k c\u00edm\u0171 rajzfilmsorozat k\u00e9peib\u0151l ny\u00edlik ki\u00e1ll\u00edt\u00e1s a ny\u00edregyh\u00e1zi M\u00f3ricz Zsigmond Megyei \u00e9s V\u00e1rosi K\u00f6nyvt\u00e1rban. A K\u00e9preg\u00e9nyt\u00e1rban egy megnyit\u00f3val egybek\u00f6t\u00f6tt besz\u00e9lget\u00e9sre v\u00e1rj\u00e1k az \u00e9rdekl\u0151d\u0151ket, ahol vend\u00e9g\u00fck lesz az \u00faj sorozat rendez\u0151je, Cs\u00e1kovicsLajos is. Besz\u00e9lget\u0151t\u00e1rsa Kert\u00e9sz S\u00e1ndor, grafikus m\u0171v\u00e9sztan\u00e1r lesz.&nbsp; Id\u0151pont:&nbsp;2025. m\u00e1rcius [&hellip;]<\/p>\n","protected":false},"author":2,"featured_media":1519,"comment_status":"open","ping_status":"open","sticky":false,"template":"","format":"standard","meta":{"footnotes":""},"categories":[50],"tags":[],"class_list":["post-1518","post","type-post","status-publish","format-standard","has-post-thumbnail","hentry","category-programok"],"_links":{"self":[{"href":"https:\/\/ikonikspapanzio.hu\/hu\/wp-json\/wp\/v2\/posts\/1518","targetHints":{"allow":["GET"]}}],"collection":[{"href":"https:\/\/ikonikspapanzio.hu\/hu\/wp-json\/wp\/v2\/posts"}],"about":[{"href":"https:\/\/ikonikspapanzio.hu\/hu\/wp-json\/wp\/v2\/types\/post"}],"author":[{"embeddable":true,"href":"https:\/\/ikonikspapanzio.hu\/hu\/wp-json\/wp\/v2\/users\/2"}],"replies":[{"embeddable":true,"href":"https:\/\/ikonikspapanzio.hu\/hu\/wp-json\/wp\/v2\/comments?post=1518"}],"version-history":[{"count":2,"href":"https:\/\/ikonikspapanzio.hu\/hu\/wp-json\/wp\/v2\/posts\/1518\/revisions"}],"predecessor-version":[{"id":1534,"href":"https:\/\/ikonikspapanzio.hu\/hu\/wp-json\/wp\/v2\/posts\/1518\/revisions\/1534"}],"wp:featuredmedia":[{"embeddable":true,"href":"https:\/\/ikonikspapanzio.hu\/hu\/wp-json\/wp\/v2\/media\/1519"}],"wp:attachment":[{"href":"https:\/\/ikonikspapanzio.hu\/hu\/wp-json\/wp\/v2\/media?parent=1518"}],"wp:term":[{"taxonomy":"category","embeddable":true,"href":"https:\/\/ikonikspapanzio.hu\/hu\/wp-json\/wp\/v2\/categories?post=1518"},{"taxonomy":"post_tag","embeddable":true,"href":"https:\/\/ikonikspapanzio.hu\/hu\/wp-json\/wp\/v2\/tags?post=1518"}],"curies":[{"name":"wp","href":"https:\/\/api.w.org\/{rel}","templated":true}]}}