{"id":1508,"date":"2025-03-10T21:56:02","date_gmt":"2025-03-10T20:56:02","guid":{"rendered":"https:\/\/ikonikspapanzio.hu\/?p=1508"},"modified":"2025-03-10T22:06:18","modified_gmt":"2025-03-10T21:06:18","slug":"filharmonia-nyiregyhaza","status":"publish","type":"post","link":"https:\/\/ikonikspapanzio.hu\/hu\/filharmonia-nyiregyhaza\/","title":{"rendered":"Filharm\u00f3nia Ny\u00edregyh\u00e1za"},"content":{"rendered":"\n<p>2025. m\u00e1rcius 18. &#8211; m\u00e1jus 13.<\/p>\n\n\n\n<p>4400 Ny\u00edregyh\u00e1za, Vay \u00c1d\u00e1m krt. 18. Kod\u00e1ly terem<\/p>\n\n\n\n<p><strong>Ism\u00e9t fantasztikus fell\u00e9p\u0151k \u00e9s kit\u0171n\u0151 zenekarok koncertjei a&nbsp;2024\u20132025-\u00f6s ny\u00edregyh\u00e1zi Filharm\u00f3nia b\u00e9rlet&nbsp;m\u0171sor\u00e1n!&nbsp;<\/strong><\/p>\n\n\n\n<p>Az \u00f6t el\u0151ad\u00e1sb\u00f3l \u00e1ll\u00f3 sorozatot&nbsp;a&nbsp;M\u00c1V Szimfonikus Zenekar&nbsp;nyitja Beethoven m\u0171sorral,&nbsp;Tak\u00e1cs-Nagy G\u00e1bor&nbsp;Kossuth-d\u00edjas karmester vez\u00e9nylet\u00e9vel. December elej\u00e9n az&nbsp;Orfeo Zenekar \u00e9s Purcell K\u00f3rus, Vashegyi Gy\u00f6rgy&nbsp;vez\u00e9nylet\u00e9vel az adventi id\u0151szakhoz illeszked\u0151, nagyszer\u0171&nbsp;Bach \u00e9s St\u00f6lzel&nbsp;m\u0171vekkel hangolja \u00d6n\u00f6ket az \u00fcnnepekre. Az \u00faj \u00e9vben a&nbsp;Budapesti Fesztiv\u00e1lzenekar&nbsp;l\u00e1togat el Ny\u00edregyh\u00e1z\u00e1ra&nbsp;Andrea Caputo&nbsp;klarin\u00e9tm\u0171v\u00e9sz t\u00e1rsas\u00e1g\u00e1ban.<\/p>\n\n\n\n<p>M\u00e1rciusban&nbsp;80 nap alatt a F\u00f6ld k\u00f6r\u00fcl&nbsp;c\u00edm\u0171 koncerten 80 nap helyett 80 perc alatt j\u00e1rhatjuk be a bolyg\u00f3nkat, a&nbsp;Szabolcsi Szimfonikus Zenekar, Balogh S\u00e1ndor&nbsp;karmester,&nbsp;&nbsp;H\u00e1betler Andr\u00e1s \u00e9s Kaz\u00e1r Tici\u00e1na&nbsp;\u00e9nekm\u0171v\u00e9szek&nbsp;el\u0151ad\u00e1s\u00e1ban. Biztos\u00edthatjuk \u00d6n\u00f6ket nem mindennapi utaz\u00e1s lesz!<\/p>\n\n\n\n<p>Az \u00e9vadot a m\u00e1r nev\u00e9ben is k\u00fcl\u00f6nleges&nbsp;&nbsp;BDZ A\u2019la cARTE&nbsp;Kamaraegy\u00fcttes \u00e9s&nbsp;Bal\u00e1zs J\u00e1nos zongoram\u0171v\u00e9sz&nbsp;z\u00e1rja. Az&nbsp;\u00c1llatok farsangja m\u00e1sk\u00e9pp&nbsp;c\u00edm\u0171 el\u0151ad\u00e1sukban&nbsp;Lackfi J\u00e1nosnak&nbsp;kifejezetten ehhez a programhoz \u00edrt&nbsp;verseit&nbsp;Kov\u00e1cs Lehel sz\u00ednm\u0171v\u00e9sz&nbsp;tolm\u00e1csolja.<\/p>\n\n\n\n<p>Az el\u0151ad\u00e1sok helysz\u00edne a Kod\u00e1ly Zolt\u00e1n \u00c1ltal\u00e1nos Iskola Kod\u00e1ly terme.&nbsp;<br>C\u00edm: Ny\u00edregyh\u00e1za, Vay \u00c1d\u00e1m krt. 18.<\/p>\n\n\n\n<p>Forr\u00e1s: <a href=\"https:\/\/nyiregyhaza.info.hu\/programok\/filharmonia-nyiregyhaza\/\">https:\/\/nyiregyhaza.info.hu\/programok\/filharmonia-nyiregyhaza\/<\/a><\/p>\n","protected":false},"excerpt":{"rendered":"<p>2025. m\u00e1rcius 18. &#8211; m\u00e1jus 13. 4400 Ny\u00edregyh\u00e1za, Vay \u00c1d\u00e1m krt. 18. Kod\u00e1ly terem Ism\u00e9t fantasztikus fell\u00e9p\u0151k \u00e9s kit\u0171n\u0151 zenekarok koncertjei a&nbsp;2024\u20132025-\u00f6s ny\u00edregyh\u00e1zi Filharm\u00f3nia b\u00e9rlet&nbsp;m\u0171sor\u00e1n!&nbsp; Az \u00f6t el\u0151ad\u00e1sb\u00f3l \u00e1ll\u00f3 sorozatot&nbsp;a&nbsp;M\u00c1V Szimfonikus Zenekar&nbsp;nyitja Beethoven m\u0171sorral,&nbsp;Tak\u00e1cs-Nagy G\u00e1bor&nbsp;Kossuth-d\u00edjas karmester vez\u00e9nylet\u00e9vel. December elej\u00e9n az&nbsp;Orfeo Zenekar \u00e9s Purcell K\u00f3rus, Vashegyi Gy\u00f6rgy&nbsp;vez\u00e9nylet\u00e9vel az adventi id\u0151szakhoz illeszked\u0151, nagyszer\u0171&nbsp;Bach \u00e9s St\u00f6lzel&nbsp;m\u0171vekkel hangolja \u00d6n\u00f6ket [&hellip;]<\/p>\n","protected":false},"author":2,"featured_media":1509,"comment_status":"open","ping_status":"open","sticky":false,"template":"","format":"standard","meta":{"footnotes":""},"categories":[50],"tags":[],"class_list":["post-1508","post","type-post","status-publish","format-standard","has-post-thumbnail","hentry","category-programok"],"_links":{"self":[{"href":"https:\/\/ikonikspapanzio.hu\/hu\/wp-json\/wp\/v2\/posts\/1508","targetHints":{"allow":["GET"]}}],"collection":[{"href":"https:\/\/ikonikspapanzio.hu\/hu\/wp-json\/wp\/v2\/posts"}],"about":[{"href":"https:\/\/ikonikspapanzio.hu\/hu\/wp-json\/wp\/v2\/types\/post"}],"author":[{"embeddable":true,"href":"https:\/\/ikonikspapanzio.hu\/hu\/wp-json\/wp\/v2\/users\/2"}],"replies":[{"embeddable":true,"href":"https:\/\/ikonikspapanzio.hu\/hu\/wp-json\/wp\/v2\/comments?post=1508"}],"version-history":[{"count":2,"href":"https:\/\/ikonikspapanzio.hu\/hu\/wp-json\/wp\/v2\/posts\/1508\/revisions"}],"predecessor-version":[{"id":1532,"href":"https:\/\/ikonikspapanzio.hu\/hu\/wp-json\/wp\/v2\/posts\/1508\/revisions\/1532"}],"wp:featuredmedia":[{"embeddable":true,"href":"https:\/\/ikonikspapanzio.hu\/hu\/wp-json\/wp\/v2\/media\/1509"}],"wp:attachment":[{"href":"https:\/\/ikonikspapanzio.hu\/hu\/wp-json\/wp\/v2\/media?parent=1508"}],"wp:term":[{"taxonomy":"category","embeddable":true,"href":"https:\/\/ikonikspapanzio.hu\/hu\/wp-json\/wp\/v2\/categories?post=1508"},{"taxonomy":"post_tag","embeddable":true,"href":"https:\/\/ikonikspapanzio.hu\/hu\/wp-json\/wp\/v2\/tags?post=1508"}],"curies":[{"name":"wp","href":"https:\/\/api.w.org\/{rel}","templated":true}]}}