{"id":1500,"date":"2025-03-10T21:53:54","date_gmt":"2025-03-10T20:53:54","guid":{"rendered":"https:\/\/ikonikspapanzio.hu\/?p=1500"},"modified":"2025-03-10T22:05:59","modified_gmt":"2025-03-10T21:05:59","slug":"forradalmi-hetvege-muzeumfalu","status":"publish","type":"post","link":"https:\/\/ikonikspapanzio.hu\/hu\/forradalmi-hetvege-muzeumfalu\/","title":{"rendered":"Forradalmi h\u00e9tv\u00e9ge | M\u00fazeumfalu"},"content":{"rendered":"\n<p>2025. m\u00e1rcius 15. &#8211; 16.<\/p>\n\n\n\n<p>4431 Ny\u00edregyh\u00e1za, Skanzen utca 8. S\u00f3st\u00f3i M\u00fazeumfalu<\/p>\n\n\n\n<p><strong>2025. m\u00e1rcius 15-\u00e9n \u00fajra megnyitja kapuit az orsz\u00e1g egyik legnagyobb szabadt\u00e9ri n\u00e9prajzi m\u00fazeuma, a S\u00f3st\u00f3i M\u00fazeumfalu. Ennek alkalm\u00e1b\u00f3l sz\u00e1mtalan izgalmas \u00e9lm\u00e9nnyel v\u00e1rj\u00e1k az \u00e9rdekl\u0151d\u0151ket.<\/strong><\/p>\n\n\n\n<p>A ny\u00edregyh\u00e1zi skanzenben a m\u00e1rcius 15-ei megeml\u00e9kez\u00e9st j\u00e1t\u00e9koss\u00e1ggal \u00e9s n\u00e9pi elemekkel f\u0171szerezik, \u00edgy a kicsik \u00e9s nagyok is tal\u00e1lhatnak maguknak \u00e9rdekes elfoglalts\u00e1got. A j\u00f3v\u00e1g\u00e1s\u00fa husz\u00e1rok eg\u00e9sz nap itt vend\u00e9geskednek majd. Lesz husz\u00e1rfelvonul\u00e1s, egyenruhamustra, interakt\u00edv husz\u00e1rt\u00e1bor, a gyerekek kipr\u00f3b\u00e1lhatj\u00e1k a fakard-k\u00e9sz\u00edt\u00e9st, a feln\u0151ttek pedig a megelevened\u0151 Pilvax K\u00e1v\u00e9h\u00e1zban t\u00f6lt\u0151dhetnek fel.&nbsp;<\/p>\n\n\n\n<p><\/p>\n\n\n\n<p>Forr\u00e1s: <a href=\"https:\/\/nyiregyhaza.info.hu\/programok\/marcius-15-muzeumfalu\/\">https:\/\/nyiregyhaza.info.hu\/programok\/marcius-15-muzeumfalu\/<\/a><\/p>\n","protected":false},"excerpt":{"rendered":"<p>2025. m\u00e1rcius 15. &#8211; 16. 4431 Ny\u00edregyh\u00e1za, Skanzen utca 8. S\u00f3st\u00f3i M\u00fazeumfalu 2025. m\u00e1rcius 15-\u00e9n \u00fajra megnyitja kapuit az orsz\u00e1g egyik legnagyobb szabadt\u00e9ri n\u00e9prajzi m\u00fazeuma, a S\u00f3st\u00f3i M\u00fazeumfalu. Ennek alkalm\u00e1b\u00f3l sz\u00e1mtalan izgalmas \u00e9lm\u00e9nnyel v\u00e1rj\u00e1k az \u00e9rdekl\u0151d\u0151ket. A ny\u00edregyh\u00e1zi skanzenben a m\u00e1rcius 15-ei megeml\u00e9kez\u00e9st j\u00e1t\u00e9koss\u00e1ggal \u00e9s n\u00e9pi elemekkel f\u0171szerezik, \u00edgy a kicsik \u00e9s nagyok is tal\u00e1lhatnak [&hellip;]<\/p>\n","protected":false},"author":2,"featured_media":1501,"comment_status":"open","ping_status":"open","sticky":false,"template":"","format":"standard","meta":{"footnotes":""},"categories":[50],"tags":[],"class_list":["post-1500","post","type-post","status-publish","format-standard","has-post-thumbnail","hentry","category-programok"],"_links":{"self":[{"href":"https:\/\/ikonikspapanzio.hu\/hu\/wp-json\/wp\/v2\/posts\/1500","targetHints":{"allow":["GET"]}}],"collection":[{"href":"https:\/\/ikonikspapanzio.hu\/hu\/wp-json\/wp\/v2\/posts"}],"about":[{"href":"https:\/\/ikonikspapanzio.hu\/hu\/wp-json\/wp\/v2\/types\/post"}],"author":[{"embeddable":true,"href":"https:\/\/ikonikspapanzio.hu\/hu\/wp-json\/wp\/v2\/users\/2"}],"replies":[{"embeddable":true,"href":"https:\/\/ikonikspapanzio.hu\/hu\/wp-json\/wp\/v2\/comments?post=1500"}],"version-history":[{"count":2,"href":"https:\/\/ikonikspapanzio.hu\/hu\/wp-json\/wp\/v2\/posts\/1500\/revisions"}],"predecessor-version":[{"id":1530,"href":"https:\/\/ikonikspapanzio.hu\/hu\/wp-json\/wp\/v2\/posts\/1500\/revisions\/1530"}],"wp:featuredmedia":[{"embeddable":true,"href":"https:\/\/ikonikspapanzio.hu\/hu\/wp-json\/wp\/v2\/media\/1501"}],"wp:attachment":[{"href":"https:\/\/ikonikspapanzio.hu\/hu\/wp-json\/wp\/v2\/media?parent=1500"}],"wp:term":[{"taxonomy":"category","embeddable":true,"href":"https:\/\/ikonikspapanzio.hu\/hu\/wp-json\/wp\/v2\/categories?post=1500"},{"taxonomy":"post_tag","embeddable":true,"href":"https:\/\/ikonikspapanzio.hu\/hu\/wp-json\/wp\/v2\/tags?post=1500"}],"curies":[{"name":"wp","href":"https:\/\/api.w.org\/{rel}","templated":true}]}}